{"id":1293,"date":"2025-03-05T17:08:55","date_gmt":"2025-03-05T17:08:55","guid":{"rendered":"https:\/\/masajeterapeuticogirona.com\/?p=1293"},"modified":"2025-03-05T17:26:01","modified_gmt":"2025-03-05T17:26:01","slug":"masaje-profundo-para-ciclistas-girona","status":"publish","type":"post","link":"https:\/\/masajeterapeuticogirona.com\/es\/masaje-profundo-para-ciclistas-girona\/","title":{"rendered":"Masaje profundo para ciclistas: clave para la recuperaci\u00f3n muscular y el rendimiento"},"content":{"rendered":"<p>El ciclismo es un deporte exigente que demanda un gran esfuerzo f\u00edsico, especialmente en las piernas y la zona lumbar. Tras largas rutas o entrenamientos intensos, es com\u00fan sentir fatiga muscular, molestias o incluso lesiones derivadas de la sobrecarga. Para prevenir estos problemas y optimizar el rendimiento, el masaje profundo para ciclistas se convierte en una herramienta fundamental para la recuperaci\u00f3n muscular.<br \/>\n&nbsp;<\/p>\n<h3>Beneficios del masaje terap\u00e9utico para ciclistas<\/h3>\n<p>El <strong>masaje terap\u00e9utico para la recuperaci\u00f3n muscular<\/strong> tiene m\u00faltiples beneficios para los ciclistas, entre ellos:<\/p>\n<ul>\n<li><strong>Eliminaci\u00f3n de \u00e1cido l\u00e1ctico:<\/strong> Ayuda a reducir la acumulaci\u00f3n de toxinas en los m\u00fasculos, disminuyendo la sensaci\u00f3n de fatiga y el riesgo de calambres.<\/li>\n<li><strong>Mejora de la circulaci\u00f3n sangu\u00ednea:<\/strong> Favorece la oxigenaci\u00f3n de los tejidos y acelera la recuperaci\u00f3n muscular tras el esfuerzo.<\/li>\n<li><strong>Prevenci\u00f3n y alivio de contracturas:<\/strong> Relaja los m\u00fasculos tensos y mejora la flexibilidad, reduciendo el riesgo de lesiones.<\/li>\n<li><strong>Aumento del rendimiento deportivo:<\/strong> Al mantener la musculatura en \u00f3ptimas condiciones, el ciclista puede entrenar con mayor intensidad y mejorar su resistencia.<\/li>\n<\/ul>\n<p>&nbsp;<\/p>\n<h3>\u00bfCu\u00e1ndo es recomendable un masaje profundo?<\/h3>\n<p>Dependiendo del nivel de exigencia del entrenamiento, se recomienda incluir sesiones de <strong>masaje deportivo para ciclistas<\/strong> en diferentes momentos:<\/p>\n<ul data-spread=\"false\">\n<li><strong>Antes de una competici\u00f3n o ruta exigente:<\/strong> Ayuda a preparar los m\u00fasculos y evitar lesiones.<\/li>\n<li><strong>Despu\u00e9s del esfuerzo f\u00edsico intenso:<\/strong> Facilita la recuperaci\u00f3n y reduce el dolor muscular.<\/li>\n<li><strong>De forma regular durante la temporada:<\/strong> Mantiene la musculatura en buen estado y previene sobrecargas.<\/li>\n<\/ul>\n<p>&nbsp;<\/p>\n<h3>Masaje terap\u00e9utico<\/h3>\n<p>&nbsp;<br \/>\nAdem\u00e1s del <strong>masaje profundo para ciclistas<\/strong>, existen otras t\u00e9cnicas complementarias que pueden mejorar la recuperaci\u00f3n muscular, como el <strong>masaje terap\u00e9utico<\/strong>. Esta t\u00e9cnica, profunda y altamente efectiva, es ideal para aliviar contracturas musculares y molestias en la espalda, proporcionando un alivio inmediato y duradero.<\/p>\n<p>Este tipo de masaje es clave para cualquier ciclista que quiera mejorar su rendimiento y cuidar su cuerpo. Integrarlo en la rutina de entrenamientos permite una recuperaci\u00f3n m\u00e1s r\u00e1pida, evita lesiones y mejora la resistencia en cada pedaleo.<\/p>\n<p>\u00bfQuieres mejorar tu recuperaci\u00f3n y optimizar tu rendimiento? \u00a1Cont\u00e1ctanos por <strong>WhatsApp<\/strong> al 972 21 99 48 y reserva tu cita hoy mismo!<\/p>\n<p>&nbsp;<\/p>\n","protected":false},"excerpt":{"rendered":"<p>El ciclismo es un deporte exigente que demanda un gran esfuerzo f\u00edsico, especialmente en las piernas y la zona lumbar. Tras largas rutas o entrenamientos intensos, es com\u00fan sentir fatiga muscular, molestias o incluso lesiones derivadas de la sobrecarga. Para prevenir estos problemas y optimizar el rendimiento, el masaje profundo para ciclistas se convierte en [&hellip;]<\/p>\n","protected":false},"author":1,"featured_media":1295,"comment_status":"closed","ping_status":"closed","sticky":false,"template":"","format":"standard","meta":{"_et_pb_use_builder":"","_et_pb_old_content":"","_et_gb_content_width":"","footnotes":""},"categories":[21],"tags":[],"class_list":["post-1293","post","type-post","status-publish","format-standard","has-post-thumbnail","hentry","category-masajes-deportivos"],"yoast_head":"<!-- This site is optimized with the Yoast SEO plugin v27.4 - https:\/\/yoast.com\/product\/yoast-seo-wordpress\/ -->\n<title>Masaje profundo para ciclistas en Girona | Carles Galceran<\/title>\n<meta name=\"description\" content=\"Beneficios del masaje profundo para ciclistas en la recuperaci\u00f3n muscular. Previene lesiones, reduce la fatiga y mejora tu rendimiento.\" \/>\n<meta name=\"robots\" content=\"index, follow, max-snippet:-1, max-image-preview:large, max-video-preview:-1\" \/>\n<link rel=\"canonical\" href=\"https:\/\/masajeterapeuticogirona.com\/es\/masaje-profundo-para-ciclistas-girona\/\" \/>\n<meta property=\"og:locale\" content=\"es_ES\" \/>\n<meta property=\"og:type\" content=\"article\" \/>\n<meta property=\"og:title\" content=\"Masaje profundo para ciclistas en Girona | Carles Galceran\" \/>\n<meta property=\"og:description\" content=\"Beneficios del masaje profundo para ciclistas en la recuperaci\u00f3n muscular. Previene lesiones, reduce la fatiga y mejora tu rendimiento.\" \/>\n<meta property=\"og:url\" content=\"https:\/\/masajeterapeuticogirona.com\/es\/masaje-profundo-para-ciclistas-girona\/\" \/>\n<meta property=\"og:site_name\" content=\"Carles Galceran\" \/>\n<meta property=\"article:published_time\" content=\"2025-03-05T17:08:55+00:00\" \/>\n<meta property=\"article:modified_time\" content=\"2025-03-05T17:26:01+00:00\" \/>\n<meta property=\"og:image\" content=\"https:\/\/masajeterapeuticogirona.com\/wp-content\/uploads\/2025\/03\/masaje-ciclistas-girona.png\" \/>\n\t<meta property=\"og:image:width\" content=\"940\" \/>\n\t<meta property=\"og:image:height\" content=\"788\" \/>\n\t<meta property=\"og:image:type\" content=\"image\/png\" \/>\n<meta name=\"author\" content=\"Carles Galceran\" \/>\n<meta name=\"twitter:card\" content=\"summary_large_image\" \/>\n<meta name=\"twitter:label1\" content=\"Escrito por\" \/>\n\t<meta name=\"twitter:data1\" content=\"Carles Galceran\" \/>\n\t<meta name=\"twitter:label2\" content=\"Tiempo de lectura\" \/>\n\t<meta name=\"twitter:data2\" content=\"3 minutos\" \/>\n<script type=\"application\/ld+json\" class=\"yoast-schema-graph\">{\"@context\":\"https:\\\/\\\/schema.org\",\"@graph\":[{\"@type\":\"Article\",\"@id\":\"https:\\\/\\\/masajeterapeuticogirona.com\\\/es\\\/masaje-profundo-para-ciclistas-girona\\\/#article\",\"isPartOf\":{\"@id\":\"https:\\\/\\\/masajeterapeuticogirona.com\\\/es\\\/masaje-profundo-para-ciclistas-girona\\\/\"},\"author\":{\"name\":\"Carles Galceran\",\"@id\":\"https:\\\/\\\/masajeterapeuticogirona.com\\\/es\\\/#\\\/schema\\\/person\\\/af6ef88a3ce64a7fd9059a7c2fe19094\"},\"headline\":\"Masaje profundo para ciclistas: clave para la recuperaci\u00f3n muscular y el rendimiento\",\"datePublished\":\"2025-03-05T17:08:55+00:00\",\"dateModified\":\"2025-03-05T17:26:01+00:00\",\"mainEntityOfPage\":{\"@id\":\"https:\\\/\\\/masajeterapeuticogirona.com\\\/es\\\/masaje-profundo-para-ciclistas-girona\\\/\"},\"wordCount\":388,\"publisher\":{\"@id\":\"https:\\\/\\\/masajeterapeuticogirona.com\\\/es\\\/#organization\"},\"image\":{\"@id\":\"https:\\\/\\\/masajeterapeuticogirona.com\\\/es\\\/masaje-profundo-para-ciclistas-girona\\\/#primaryimage\"},\"thumbnailUrl\":\"https:\\\/\\\/masajeterapeuticogirona.com\\\/wp-content\\\/uploads\\\/2025\\\/03\\\/masaje-ciclistas-girona.png\",\"articleSection\":[\"Masajes deportivos\"],\"inLanguage\":\"es\"},{\"@type\":\"WebPage\",\"@id\":\"https:\\\/\\\/masajeterapeuticogirona.com\\\/es\\\/masaje-profundo-para-ciclistas-girona\\\/\",\"url\":\"https:\\\/\\\/masajeterapeuticogirona.com\\\/es\\\/masaje-profundo-para-ciclistas-girona\\\/\",\"name\":\"Masaje profundo para ciclistas en Girona | Carles Galceran\",\"isPartOf\":{\"@id\":\"https:\\\/\\\/masajeterapeuticogirona.com\\\/es\\\/#website\"},\"primaryImageOfPage\":{\"@id\":\"https:\\\/\\\/masajeterapeuticogirona.com\\\/es\\\/masaje-profundo-para-ciclistas-girona\\\/#primaryimage\"},\"image\":{\"@id\":\"https:\\\/\\\/masajeterapeuticogirona.com\\\/es\\\/masaje-profundo-para-ciclistas-girona\\\/#primaryimage\"},\"thumbnailUrl\":\"https:\\\/\\\/masajeterapeuticogirona.com\\\/wp-content\\\/uploads\\\/2025\\\/03\\\/masaje-ciclistas-girona.png\",\"datePublished\":\"2025-03-05T17:08:55+00:00\",\"dateModified\":\"2025-03-05T17:26:01+00:00\",\"description\":\"Beneficios del masaje profundo para ciclistas en la recuperaci\u00f3n muscular. Previene lesiones, reduce la fatiga y mejora tu rendimiento.\",\"breadcrumb\":{\"@id\":\"https:\\\/\\\/masajeterapeuticogirona.com\\\/es\\\/masaje-profundo-para-ciclistas-girona\\\/#breadcrumb\"},\"inLanguage\":\"es\",\"potentialAction\":[{\"@type\":\"ReadAction\",\"target\":[\"https:\\\/\\\/masajeterapeuticogirona.com\\\/es\\\/masaje-profundo-para-ciclistas-girona\\\/\"]}]},{\"@type\":\"ImageObject\",\"inLanguage\":\"es\",\"@id\":\"https:\\\/\\\/masajeterapeuticogirona.com\\\/es\\\/masaje-profundo-para-ciclistas-girona\\\/#primaryimage\",\"url\":\"https:\\\/\\\/masajeterapeuticogirona.com\\\/wp-content\\\/uploads\\\/2025\\\/03\\\/masaje-ciclistas-girona.png\",\"contentUrl\":\"https:\\\/\\\/masajeterapeuticogirona.com\\\/wp-content\\\/uploads\\\/2025\\\/03\\\/masaje-ciclistas-girona.png\",\"width\":940,\"height\":788,\"caption\":\"Masaje profundo para ciclistas despu\u00e9s de una ruta intensa\"},{\"@type\":\"BreadcrumbList\",\"@id\":\"https:\\\/\\\/masajeterapeuticogirona.com\\\/es\\\/masaje-profundo-para-ciclistas-girona\\\/#breadcrumb\",\"itemListElement\":[{\"@type\":\"ListItem\",\"position\":1,\"name\":\"Home\",\"item\":\"https:\\\/\\\/masajeterapeuticogirona.com\\\/es\\\/\"},{\"@type\":\"ListItem\",\"position\":2,\"name\":\"Masaje profundo para ciclistas: clave para la recuperaci\u00f3n muscular y el rendimiento\"}]},{\"@type\":\"WebSite\",\"@id\":\"https:\\\/\\\/masajeterapeuticogirona.com\\\/es\\\/#website\",\"url\":\"https:\\\/\\\/masajeterapeuticogirona.com\\\/es\\\/\",\"name\":\"Carles Galceran\",\"description\":\"Massatges Terap\u00e8utics a Girona\",\"publisher\":{\"@id\":\"https:\\\/\\\/masajeterapeuticogirona.com\\\/es\\\/#organization\"},\"potentialAction\":[{\"@type\":\"SearchAction\",\"target\":{\"@type\":\"EntryPoint\",\"urlTemplate\":\"https:\\\/\\\/masajeterapeuticogirona.com\\\/es\\\/?s={search_term_string}\"},\"query-input\":{\"@type\":\"PropertyValueSpecification\",\"valueRequired\":true,\"valueName\":\"search_term_string\"}}],\"inLanguage\":\"es\"},{\"@type\":\"Organization\",\"@id\":\"https:\\\/\\\/masajeterapeuticogirona.com\\\/es\\\/#organization\",\"name\":\"Massatges terap\u00e8utics Carles Galceran\",\"url\":\"https:\\\/\\\/masajeterapeuticogirona.com\\\/es\\\/\",\"logo\":{\"@type\":\"ImageObject\",\"inLanguage\":\"es\",\"@id\":\"https:\\\/\\\/masajeterapeuticogirona.com\\\/es\\\/#\\\/schema\\\/logo\\\/image\\\/\",\"url\":\"https:\\\/\\\/masajeterapeuticogirona.com\\\/wp-content\\\/uploads\\\/2019\\\/10\\\/logo-carlesgalceran.jpg\",\"contentUrl\":\"https:\\\/\\\/masajeterapeuticogirona.com\\\/wp-content\\\/uploads\\\/2019\\\/10\\\/logo-carlesgalceran.jpg\",\"width\":563,\"height\":563,\"caption\":\"Massatges terap\u00e8utics Carles Galceran\"},\"image\":{\"@id\":\"https:\\\/\\\/masajeterapeuticogirona.com\\\/es\\\/#\\\/schema\\\/logo\\\/image\\\/\"}},{\"@type\":\"Person\",\"@id\":\"https:\\\/\\\/masajeterapeuticogirona.com\\\/es\\\/#\\\/schema\\\/person\\\/af6ef88a3ce64a7fd9059a7c2fe19094\",\"name\":\"Carles Galceran\",\"image\":{\"@type\":\"ImageObject\",\"inLanguage\":\"es\",\"@id\":\"https:\\\/\\\/secure.gravatar.com\\\/avatar\\\/b7fb4cff0b30bb664a3fe8271f60c493235311eb1bb917d43fd79a61ae8e99f8?s=96&d=mm&r=g\",\"url\":\"https:\\\/\\\/secure.gravatar.com\\\/avatar\\\/b7fb4cff0b30bb664a3fe8271f60c493235311eb1bb917d43fd79a61ae8e99f8?s=96&d=mm&r=g\",\"contentUrl\":\"https:\\\/\\\/secure.gravatar.com\\\/avatar\\\/b7fb4cff0b30bb664a3fe8271f60c493235311eb1bb917d43fd79a61ae8e99f8?s=96&d=mm&r=g\",\"caption\":\"Carles Galceran\"}}]}<\/script>\n<!-- \/ Yoast SEO plugin. -->","yoast_head_json":{"title":"Masaje profundo para ciclistas en Girona | Carles Galceran","description":"Beneficios del masaje profundo para ciclistas en la recuperaci\u00f3n muscular. Previene lesiones, reduce la fatiga y mejora tu rendimiento.","robots":{"index":"index","follow":"follow","max-snippet":"max-snippet:-1","max-image-preview":"max-image-preview:large","max-video-preview":"max-video-preview:-1"},"canonical":"https:\/\/masajeterapeuticogirona.com\/es\/masaje-profundo-para-ciclistas-girona\/","og_locale":"es_ES","og_type":"article","og_title":"Masaje profundo para ciclistas en Girona | Carles Galceran","og_description":"Beneficios del masaje profundo para ciclistas en la recuperaci\u00f3n muscular. Previene lesiones, reduce la fatiga y mejora tu rendimiento.","og_url":"https:\/\/masajeterapeuticogirona.com\/es\/masaje-profundo-para-ciclistas-girona\/","og_site_name":"Carles Galceran","article_published_time":"2025-03-05T17:08:55+00:00","article_modified_time":"2025-03-05T17:26:01+00:00","og_image":[{"width":940,"height":788,"url":"https:\/\/masajeterapeuticogirona.com\/wp-content\/uploads\/2025\/03\/masaje-ciclistas-girona.png","type":"image\/png"}],"author":"Carles Galceran","twitter_card":"summary_large_image","twitter_misc":{"Escrito por":"Carles Galceran","Tiempo de lectura":"3 minutos"},"schema":{"@context":"https:\/\/schema.org","@graph":[{"@type":"Article","@id":"https:\/\/masajeterapeuticogirona.com\/es\/masaje-profundo-para-ciclistas-girona\/#article","isPartOf":{"@id":"https:\/\/masajeterapeuticogirona.com\/es\/masaje-profundo-para-ciclistas-girona\/"},"author":{"name":"Carles Galceran","@id":"https:\/\/masajeterapeuticogirona.com\/es\/#\/schema\/person\/af6ef88a3ce64a7fd9059a7c2fe19094"},"headline":"Masaje profundo para ciclistas: clave para la recuperaci\u00f3n muscular y el rendimiento","datePublished":"2025-03-05T17:08:55+00:00","dateModified":"2025-03-05T17:26:01+00:00","mainEntityOfPage":{"@id":"https:\/\/masajeterapeuticogirona.com\/es\/masaje-profundo-para-ciclistas-girona\/"},"wordCount":388,"publisher":{"@id":"https:\/\/masajeterapeuticogirona.com\/es\/#organization"},"image":{"@id":"https:\/\/masajeterapeuticogirona.com\/es\/masaje-profundo-para-ciclistas-girona\/#primaryimage"},"thumbnailUrl":"https:\/\/masajeterapeuticogirona.com\/wp-content\/uploads\/2025\/03\/masaje-ciclistas-girona.png","articleSection":["Masajes deportivos"],"inLanguage":"es"},{"@type":"WebPage","@id":"https:\/\/masajeterapeuticogirona.com\/es\/masaje-profundo-para-ciclistas-girona\/","url":"https:\/\/masajeterapeuticogirona.com\/es\/masaje-profundo-para-ciclistas-girona\/","name":"Masaje profundo para ciclistas en Girona | Carles Galceran","isPartOf":{"@id":"https:\/\/masajeterapeuticogirona.com\/es\/#website"},"primaryImageOfPage":{"@id":"https:\/\/masajeterapeuticogirona.com\/es\/masaje-profundo-para-ciclistas-girona\/#primaryimage"},"image":{"@id":"https:\/\/masajeterapeuticogirona.com\/es\/masaje-profundo-para-ciclistas-girona\/#primaryimage"},"thumbnailUrl":"https:\/\/masajeterapeuticogirona.com\/wp-content\/uploads\/2025\/03\/masaje-ciclistas-girona.png","datePublished":"2025-03-05T17:08:55+00:00","dateModified":"2025-03-05T17:26:01+00:00","description":"Beneficios del masaje profundo para ciclistas en la recuperaci\u00f3n muscular. Previene lesiones, reduce la fatiga y mejora tu rendimiento.","breadcrumb":{"@id":"https:\/\/masajeterapeuticogirona.com\/es\/masaje-profundo-para-ciclistas-girona\/#breadcrumb"},"inLanguage":"es","potentialAction":[{"@type":"ReadAction","target":["https:\/\/masajeterapeuticogirona.com\/es\/masaje-profundo-para-ciclistas-girona\/"]}]},{"@type":"ImageObject","inLanguage":"es","@id":"https:\/\/masajeterapeuticogirona.com\/es\/masaje-profundo-para-ciclistas-girona\/#primaryimage","url":"https:\/\/masajeterapeuticogirona.com\/wp-content\/uploads\/2025\/03\/masaje-ciclistas-girona.png","contentUrl":"https:\/\/masajeterapeuticogirona.com\/wp-content\/uploads\/2025\/03\/masaje-ciclistas-girona.png","width":940,"height":788,"caption":"Masaje profundo para ciclistas despu\u00e9s de una ruta intensa"},{"@type":"BreadcrumbList","@id":"https:\/\/masajeterapeuticogirona.com\/es\/masaje-profundo-para-ciclistas-girona\/#breadcrumb","itemListElement":[{"@type":"ListItem","position":1,"name":"Home","item":"https:\/\/masajeterapeuticogirona.com\/es\/"},{"@type":"ListItem","position":2,"name":"Masaje profundo para ciclistas: clave para la recuperaci\u00f3n muscular y el rendimiento"}]},{"@type":"WebSite","@id":"https:\/\/masajeterapeuticogirona.com\/es\/#website","url":"https:\/\/masajeterapeuticogirona.com\/es\/","name":"Carles Galceran","description":"Massatges Terap\u00e8utics a Girona","publisher":{"@id":"https:\/\/masajeterapeuticogirona.com\/es\/#organization"},"potentialAction":[{"@type":"SearchAction","target":{"@type":"EntryPoint","urlTemplate":"https:\/\/masajeterapeuticogirona.com\/es\/?s={search_term_string}"},"query-input":{"@type":"PropertyValueSpecification","valueRequired":true,"valueName":"search_term_string"}}],"inLanguage":"es"},{"@type":"Organization","@id":"https:\/\/masajeterapeuticogirona.com\/es\/#organization","name":"Massatges terap\u00e8utics Carles Galceran","url":"https:\/\/masajeterapeuticogirona.com\/es\/","logo":{"@type":"ImageObject","inLanguage":"es","@id":"https:\/\/masajeterapeuticogirona.com\/es\/#\/schema\/logo\/image\/","url":"https:\/\/masajeterapeuticogirona.com\/wp-content\/uploads\/2019\/10\/logo-carlesgalceran.jpg","contentUrl":"https:\/\/masajeterapeuticogirona.com\/wp-content\/uploads\/2019\/10\/logo-carlesgalceran.jpg","width":563,"height":563,"caption":"Massatges terap\u00e8utics Carles Galceran"},"image":{"@id":"https:\/\/masajeterapeuticogirona.com\/es\/#\/schema\/logo\/image\/"}},{"@type":"Person","@id":"https:\/\/masajeterapeuticogirona.com\/es\/#\/schema\/person\/af6ef88a3ce64a7fd9059a7c2fe19094","name":"Carles Galceran","image":{"@type":"ImageObject","inLanguage":"es","@id":"https:\/\/secure.gravatar.com\/avatar\/b7fb4cff0b30bb664a3fe8271f60c493235311eb1bb917d43fd79a61ae8e99f8?s=96&d=mm&r=g","url":"https:\/\/secure.gravatar.com\/avatar\/b7fb4cff0b30bb664a3fe8271f60c493235311eb1bb917d43fd79a61ae8e99f8?s=96&d=mm&r=g","contentUrl":"https:\/\/secure.gravatar.com\/avatar\/b7fb4cff0b30bb664a3fe8271f60c493235311eb1bb917d43fd79a61ae8e99f8?s=96&d=mm&r=g","caption":"Carles Galceran"}}]}},"_links":{"self":[{"href":"https:\/\/masajeterapeuticogirona.com\/es\/wp-json\/wp\/v2\/posts\/1293","targetHints":{"allow":["GET"]}}],"collection":[{"href":"https:\/\/masajeterapeuticogirona.com\/es\/wp-json\/wp\/v2\/posts"}],"about":[{"href":"https:\/\/masajeterapeuticogirona.com\/es\/wp-json\/wp\/v2\/types\/post"}],"author":[{"embeddable":true,"href":"https:\/\/masajeterapeuticogirona.com\/es\/wp-json\/wp\/v2\/users\/1"}],"replies":[{"embeddable":true,"href":"https:\/\/masajeterapeuticogirona.com\/es\/wp-json\/wp\/v2\/comments?post=1293"}],"version-history":[{"count":2,"href":"https:\/\/masajeterapeuticogirona.com\/es\/wp-json\/wp\/v2\/posts\/1293\/revisions"}],"predecessor-version":[{"id":1297,"href":"https:\/\/masajeterapeuticogirona.com\/es\/wp-json\/wp\/v2\/posts\/1293\/revisions\/1297"}],"wp:featuredmedia":[{"embeddable":true,"href":"https:\/\/masajeterapeuticogirona.com\/es\/wp-json\/wp\/v2\/media\/1295"}],"wp:attachment":[{"href":"https:\/\/masajeterapeuticogirona.com\/es\/wp-json\/wp\/v2\/media?parent=1293"}],"wp:term":[{"taxonomy":"category","embeddable":true,"href":"https:\/\/masajeterapeuticogirona.com\/es\/wp-json\/wp\/v2\/categories?post=1293"},{"taxonomy":"post_tag","embeddable":true,"href":"https:\/\/masajeterapeuticogirona.com\/es\/wp-json\/wp\/v2\/tags?post=1293"}],"curies":[{"name":"wp","href":"https:\/\/api.w.org\/{rel}","templated":true}]}}